{"id":44511,"date":"2026-04-26T15:51:22","date_gmt":"2026-04-26T13:51:22","guid":{"rendered":"http:\/\/fup.gov.ba\/?p=44511"},"modified":"2026-04-27T15:52:34","modified_gmt":"2026-04-27T13:52:34","slug":"bilten-za-dan-25-26-04-2026-godine","status":"publish","type":"post","link":"http:\/\/fup.gov.ba\/?p=44511","title":{"rendered":"Bilten za dan 25\/26.04.2026. godine"},"content":{"rendered":"<p style=\"text-align: justify;\">Na osnovu izvje\u0161taja operativnih centara kantonalnih ministarstava unutarnjih poslova i Federalne uprave policije, tokom navedenog perioda na podru\u010dju Federacije BiH registrovano je:<!--more--><\/p>\n<p style=\"text-align: justify;\"><strong>\u00a034 krivi\u010dna djela i to:<\/strong><\/p>\n<ul style=\"text-align: justify;\">\n<li>\u0161est te\u0161kih kra\u0111a;<\/li>\n<li>dva nasilja u porodici;<\/li>\n<li>jedno ugro\u017eavanje sigurnosti;<\/li>\n<li>jedno posjedovanje opojnih droga;<\/li>\n<li>24 ostala krivi\u010dna djela;<\/li>\n<\/ul>\n<p style=\"text-align: justify;\"><strong>39 naru\u0161avanja javnog reda i mira;<\/strong><\/p>\n<p style=\"text-align: justify;\"><strong>57 saobra\u0107ajnih nezgoda<\/strong>\u00a0u kojima je sedam lica zadobilo te\u0161ke, 12 lica lak\u0161e tjelesne povrede, dok za jedno lice nije utvr\u0111en stepen tjelesnih povreda;<\/p>\n<p style=\"text-align: justify;\"><strong>29 lica je li\u0161eno slobode,<\/strong> a 30 lica je zadr\u017eano.<\/p>\n","protected":false},"excerpt":{"rendered":"<p>Na osnovu izvje\u0161taja operativnih centara kantonalnih ministarstava unutarnjih poslova i Federalne uprave policije, tokom navedenog perioda na podru\u010dju Federacije BiH registrovano je:<\/p>\n","protected":false},"author":8,"featured_media":0,"comment_status":"closed","ping_status":"closed","sticky":false,"template":"","format":"standard","meta":{"spay_email":""},"categories":[81,5],"tags":[],"jetpack_featured_media_url":"","_links":{"self":[{"href":"http:\/\/fup.gov.ba\/index.php?rest_route=\/wp\/v2\/posts\/44511"}],"collection":[{"href":"http:\/\/fup.gov.ba\/index.php?rest_route=\/wp\/v2\/posts"}],"about":[{"href":"http:\/\/fup.gov.ba\/index.php?rest_route=\/wp\/v2\/types\/post"}],"author":[{"embeddable":true,"href":"http:\/\/fup.gov.ba\/index.php?rest_route=\/wp\/v2\/users\/8"}],"replies":[{"embeddable":true,"href":"http:\/\/fup.gov.ba\/index.php?rest_route=%2Fwp%2Fv2%2Fcomments&post=44511"}],"version-history":[{"count":1,"href":"http:\/\/fup.gov.ba\/index.php?rest_route=\/wp\/v2\/posts\/44511\/revisions"}],"predecessor-version":[{"id":44512,"href":"http:\/\/fup.gov.ba\/index.php?rest_route=\/wp\/v2\/posts\/44511\/revisions\/44512"}],"wp:attachment":[{"href":"http:\/\/fup.gov.ba\/index.php?rest_route=%2Fwp%2Fv2%2Fmedia&parent=44511"}],"wp:term":[{"taxonomy":"category","embeddable":true,"href":"http:\/\/fup.gov.ba\/index.php?rest_route=%2Fwp%2Fv2%2Fcategories&post=44511"},{"taxonomy":"post_tag","embeddable":true,"href":"http:\/\/fup.gov.ba\/index.php?rest_route=%2Fwp%2Fv2%2Ftags&post=44511"}],"curies":[{"name":"wp","href":"https:\/\/api.w.org\/{rel}","templated":true}]}}