{"id":44517,"date":"2026-04-28T15:31:53","date_gmt":"2026-04-28T13:31:53","guid":{"rendered":"http:\/\/fup.gov.ba\/?p=44517"},"modified":"2026-04-28T15:31:53","modified_gmt":"2026-04-28T13:31:53","slug":"bilten-za-dan-27-28-04-2026-godine","status":"publish","type":"post","link":"http:\/\/fup.gov.ba\/?p=44517","title":{"rendered":"Bilten za dan 27\/28.04.2026. godine"},"content":{"rendered":"<p>Na osnovu izvje\u0161taja operativnih centara kantonalnih ministarstava unutarnjih poslova i Federalne uprave policije, tokom navedenog perioda na podru\u010dju Federacije BiH registrovano je:<!--more--><\/p>\n<p><strong>47 krivi\u010dnih djela i to:<\/strong><\/p>\n<ul>\n<li>devet te\u0161kih kra\u0111a;<\/li>\n<li>\u010detiri kra\u0111e;<\/li>\n<li>devet nasilja u porodici;<\/li>\n<li>jedno o\u0161te\u0107enje tu\u0111e stvari;<\/li>\n<li>24 \u00a0ostala krivi\u010dna djela;<\/li>\n<\/ul>\n<p><strong>58 naru\u0161avanja javnog reda i mira<\/strong>, u kojima su dva lica zadobila lak\u0161e tjelesne povrede;<\/p>\n<p><strong>54\u00a0 saobra\u0107ajne nezgode<\/strong>, u kojima je 13 lica zadobilo lak\u0161e tjelesne povrede;<\/p>\n<p><strong>22 lica su li\u0161ena slobode<\/strong>, a\u00a020\u00a0lica je zadr\u017eano.<\/p>\n","protected":false},"excerpt":{"rendered":"<p>Na osnovu izvje\u0161taja operativnih centara kantonalnih ministarstava unutarnjih poslova i Federalne uprave policije, tokom navedenog perioda na podru\u010dju Federacije BiH registrovano je:<\/p>\n","protected":false},"author":10,"featured_media":0,"comment_status":"closed","ping_status":"closed","sticky":false,"template":"","format":"standard","meta":{"spay_email":""},"categories":[81,5],"tags":[],"jetpack_featured_media_url":"","_links":{"self":[{"href":"http:\/\/fup.gov.ba\/index.php?rest_route=\/wp\/v2\/posts\/44517"}],"collection":[{"href":"http:\/\/fup.gov.ba\/index.php?rest_route=\/wp\/v2\/posts"}],"about":[{"href":"http:\/\/fup.gov.ba\/index.php?rest_route=\/wp\/v2\/types\/post"}],"author":[{"embeddable":true,"href":"http:\/\/fup.gov.ba\/index.php?rest_route=\/wp\/v2\/users\/10"}],"replies":[{"embeddable":true,"href":"http:\/\/fup.gov.ba\/index.php?rest_route=%2Fwp%2Fv2%2Fcomments&post=44517"}],"version-history":[{"count":1,"href":"http:\/\/fup.gov.ba\/index.php?rest_route=\/wp\/v2\/posts\/44517\/revisions"}],"predecessor-version":[{"id":44518,"href":"http:\/\/fup.gov.ba\/index.php?rest_route=\/wp\/v2\/posts\/44517\/revisions\/44518"}],"wp:attachment":[{"href":"http:\/\/fup.gov.ba\/index.php?rest_route=%2Fwp%2Fv2%2Fmedia&parent=44517"}],"wp:term":[{"taxonomy":"category","embeddable":true,"href":"http:\/\/fup.gov.ba\/index.php?rest_route=%2Fwp%2Fv2%2Fcategories&post=44517"},{"taxonomy":"post_tag","embeddable":true,"href":"http:\/\/fup.gov.ba\/index.php?rest_route=%2Fwp%2Fv2%2Ftags&post=44517"}],"curies":[{"name":"wp","href":"https:\/\/api.w.org\/{rel}","templated":true}]}}