{"id":44532,"date":"2026-04-29T13:25:51","date_gmt":"2026-04-29T11:25:51","guid":{"rendered":"http:\/\/fup.gov.ba\/?p=44532"},"modified":"2026-04-29T13:45:03","modified_gmt":"2026-04-29T11:45:03","slug":"odrzan-sastanak-koordinacije-direktora-fup-a-i-komesara-direktora-uprava-policija-kmup-ova-5","status":"publish","type":"post","link":"http:\/\/fup.gov.ba\/?p=44532","title":{"rendered":"Odr\u017ean sastanak Koordinacije direktora FUP-a i komesara \/ direktora Uprava policija KMUP-ova"},"content":{"rendered":"\t\t<div data-elementor-type=\"wp-post\" data-elementor-id=\"44532\" class=\"elementor elementor-44532\" data-elementor-settings=\"[]\">\n\t\t\t\t\t\t<div class=\"elementor-inner\">\n\t\t\t\t\t\t\t<div class=\"elementor-section-wrap\">\n\t\t\t\t\t\t\t<section class=\"has_eae_slider elementor-section elementor-top-section elementor-element elementor-element-1e839f32 elementor-section-boxed elementor-section-height-default elementor-section-height-default\" data-id=\"1e839f32\" data-element_type=\"section\">\n\t\t\t\t\t\t<div class=\"elementor-container elementor-column-gap-default\">\n\t\t\t\t\t\t\t<div class=\"elementor-row\">\n\t\t\t\t\t<div class=\"has_eae_slider elementor-column elementor-col-100 elementor-top-column elementor-element elementor-element-4c68638a\" data-id=\"4c68638a\" data-element_type=\"column\">\n\t\t\t<div class=\"elementor-column-wrap elementor-element-populated\">\n\t\t\t\t\t\t\t<div class=\"elementor-widget-wrap\">\n\t\t\t\t\t\t<div class=\"elementor-element elementor-element-200f6f9f elementor-widget elementor-widget-text-editor\" data-id=\"200f6f9f\" data-element_type=\"widget\" data-widget_type=\"text-editor.default\">\n\t\t\t\t<div class=\"elementor-widget-container\">\n\t\t\t\t\t\t\t\t<div class=\"elementor-text-editor elementor-clearfix\">\n\t\t\t\t<p style=\"text-align: justify;\">Sastanak Koordinacije direktora Federalne uprave policije i policijskih komesara\/direktora Uprava policija kantonalnih ministarstava unutra\u0161njih poslova u Federaciji Bosne i Hercegovine, odr\u017ean je u Sarajevu u dane 28. i 29.04.2026. godine.<\/p><p style=\"text-align: justify;\">Doma\u0107in sastanka je bila Uprava policije, Ministarstva unutra\u0161njih poslova Kantona Sarajevo. Na po\u010detku sastanka obratio se Ministar unutra\u0161njih poslova Kantona Sarajevo Admir Katica koji je istakao va\u017enost saradnje sigurnosnog sistema u Federaciji Bosne i Hercegovine, te pohvalio rad policijskog komesara Uprave policije Kantona Sarajevo, te za\u017eelio sre\u0107u u nastavku rada Koordinacije.<\/p><p style=\"text-align: justify;\">Prisutni rukovodioci su elaborirali Informaciju o stanju kriminaliteta \u2013 sigurnosti na podru\u010dju Federacije Bosne i Hercegovine za prva tri mjeseca 2026. godine, koja na statisti\u010dki na\u010din prezentuje i u kojoj se prikazuje postignuti nivo rada policije u svim segmentima zakonskih nadle\u017enosti, kao i druga aktuelna pitanja u vezi sa radom i djelovanjem policijskih struktura u Federaciji Bosne i Hercegovine.<\/p><p style=\"text-align: justify;\">Stanje sigurnosti na podru\u010dju Federacije Bosne i Hercegovine, prema podacima kantonalnih Ministarstava unutra\u0161njih poslova i Federalne uprave policije, prezentovanih po zadatim segmentima za period januar-mart 2026. godine, u odnosu na uporedni period 2025. godine, karakteri\u0161e pove\u0107anje:<\/p><p style=\"text-align: justify;\">&#8211; broja izvr\u0161enih krivi\u010dnih djela za 369 (ili 10,10%),<\/p><p style=\"text-align: justify;\">&#8211; broja registrovanih prekr\u0161aja iz oblasti javnog reda i mira za 1.108 (ili 23,91%),<\/p><p style=\"text-align: justify;\">&#8211; i broja saobra\u0107ajnih nesre\u0107a za 663 (ili 11,10%).<\/p><p style=\"text-align: justify;\">S ciljem davanja pune podr\u0161ke sigurnosnom sektoru u BiH, na sastanku su u\u010de\u0161\u0107e uzeli predstavnici Delegacije EU u BiH, Vije\u0107a Evrope, OHR-a, EUFOR-a, UN<span style=\"font-size: 14px; font-style: normal; font-weight: 400;\">-a<\/span><span style=\"font-size: 14px;\">,\u00a0 UNDC-a, UNDP-a, OSCE-a i Ambasade SAD-a.<\/span><\/p>\t\t\t\t\t<\/div>\n\t\t\t\t\t\t<\/div>\n\t\t\t\t<\/div>\n\t\t\t\t\t\t<\/div>\n\t\t\t\t\t<\/div>\n\t\t<\/div>\n\t\t\t\t\t\t\t\t<\/div>\n\t\t\t\t\t<\/div>\n\t\t<\/section>\n\t\t\t\t<section class=\"has_eae_slider elementor-section elementor-top-section elementor-element elementor-element-0e089b9 elementor-section-boxed elementor-section-height-default elementor-section-height-default\" data-id=\"0e089b9\" data-element_type=\"section\">\n\t\t\t\t\t\t<div class=\"elementor-container elementor-column-gap-default\">\n\t\t\t\t\t\t\t<div class=\"elementor-row\">\n\t\t\t\t\t<div class=\"has_eae_slider elementor-column elementor-col-100 elementor-top-column elementor-element elementor-element-f7133a5\" data-id=\"f7133a5\" data-element_type=\"column\">\n\t\t\t<div class=\"elementor-column-wrap elementor-element-populated\">\n\t\t\t\t\t\t\t<div class=\"elementor-widget-wrap\">\n\t\t\t\t\t\t<div class=\"elementor-element elementor-element-2c434da elementor-widget elementor-widget-image-gallery\" data-id=\"2c434da\" data-element_type=\"widget\" data-widget_type=\"image-gallery.default\">\n\t\t\t\t<div class=\"elementor-widget-container\">\n\t\t\t\t\t<div class=\"elementor-image-gallery\">\n\t\t\t<div id='gallery-1' class='gallery galleryid-44532 gallery-columns-1 gallery-size-large'><figure class='gallery-item'>\n\t\t\t<div class='gallery-icon landscape'>\n\t\t\t\t<a data-elementor-open-lightbox=\"yes\" data-elementor-lightbox-slideshow=\"2c434da\" data-elementor-lightbox-title=\"slika 1\" href='http:\/\/fup.gov.ba\/wp-content\/uploads\/2026\/04\/slika-1-5.jpg'><img width=\"1024\" height=\"683\" src=\"http:\/\/fup.gov.ba\/wp-content\/uploads\/2026\/04\/slika-1-5-1024x683.jpg\" class=\"attachment-large size-large\" alt=\"\" loading=\"lazy\" srcset=\"http:\/\/fup.gov.ba\/wp-content\/uploads\/2026\/04\/slika-1-5-1024x683.jpg 1024w, http:\/\/fup.gov.ba\/wp-content\/uploads\/2026\/04\/slika-1-5-300x200.jpg 300w, http:\/\/fup.gov.ba\/wp-content\/uploads\/2026\/04\/slika-1-5-768x512.jpg 768w, http:\/\/fup.gov.ba\/wp-content\/uploads\/2026\/04\/slika-1-5-350x233.jpg 350w, http:\/\/fup.gov.ba\/wp-content\/uploads\/2026\/04\/slika-1-5.jpg 1350w\" sizes=\"(max-width: 1024px) 100vw, 1024px\" \/><\/a>\n\t\t\t<\/div><\/figure>\n\t\t<\/div>\n\t\t<\/div>\n\t\t\t\t<\/div>\n\t\t\t\t<\/div>\n\t\t\t\t\t\t<\/div>\n\t\t\t\t\t<\/div>\n\t\t<\/div>\n\t\t\t\t\t\t\t\t<\/div>\n\t\t\t\t\t<\/div>\n\t\t<\/section>\n\t\t\t\t\t\t<\/div>\n\t\t\t\t\t\t<\/div>\n\t\t\t\t\t<\/div>\n\t\t","protected":false},"excerpt":{"rendered":"<p>Sastanak Koordinacije direktora Federalne uprave policije i policijskih komesara\/direktora Uprava policija kantonalnih ministarstava unutra\u0161njih poslova u Federaciji Bosne i Hercegovine<\/p>\n","protected":false},"author":8,"featured_media":44534,"comment_status":"closed","ping_status":"closed","sticky":false,"template":"","format":"standard","meta":{"spay_email":""},"categories":[81,6],"tags":[],"jetpack_featured_media_url":"http:\/\/fup.gov.ba\/wp-content\/uploads\/2026\/04\/slika-1-5.jpg","_links":{"self":[{"href":"http:\/\/fup.gov.ba\/index.php?rest_route=\/wp\/v2\/posts\/44532"}],"collection":[{"href":"http:\/\/fup.gov.ba\/index.php?rest_route=\/wp\/v2\/posts"}],"about":[{"href":"http:\/\/fup.gov.ba\/index.php?rest_route=\/wp\/v2\/types\/post"}],"author":[{"embeddable":true,"href":"http:\/\/fup.gov.ba\/index.php?rest_route=\/wp\/v2\/users\/8"}],"replies":[{"embeddable":true,"href":"http:\/\/fup.gov.ba\/index.php?rest_route=%2Fwp%2Fv2%2Fcomments&post=44532"}],"version-history":[{"count":8,"href":"http:\/\/fup.gov.ba\/index.php?rest_route=\/wp\/v2\/posts\/44532\/revisions"}],"predecessor-version":[{"id":44543,"href":"http:\/\/fup.gov.ba\/index.php?rest_route=\/wp\/v2\/posts\/44532\/revisions\/44543"}],"wp:featuredmedia":[{"embeddable":true,"href":"http:\/\/fup.gov.ba\/index.php?rest_route=\/wp\/v2\/media\/44534"}],"wp:attachment":[{"href":"http:\/\/fup.gov.ba\/index.php?rest_route=%2Fwp%2Fv2%2Fmedia&parent=44532"}],"wp:term":[{"taxonomy":"category","embeddable":true,"href":"http:\/\/fup.gov.ba\/index.php?rest_route=%2Fwp%2Fv2%2Fcategories&post=44532"},{"taxonomy":"post_tag","embeddable":true,"href":"http:\/\/fup.gov.ba\/index.php?rest_route=%2Fwp%2Fv2%2Ftags&post=44532"}],"curies":[{"name":"wp","href":"https:\/\/api.w.org\/{rel}","templated":true}]}}