{"id":45832,"date":"2026-08-30T08:29:28","date_gmt":"2026-08-30T06:29:28","guid":{"rendered":"http:\/\/fup.gov.ba\/?p=45832"},"modified":"2026-09-01T08:38:32","modified_gmt":"2026-09-01T06:38:32","slug":"bilten-za-dan-29-30-08-2026-godine","status":"publish","type":"post","link":"http:\/\/fup.gov.ba\/?p=45832","title":{"rendered":"Bilten za dan 29\/30.08.2026. godine"},"content":{"rendered":"<p style=\"text-align: justify;\">Na osnovu izvje\u0161taja operativnih centara kantonalnih ministarstava unutarnjih poslova i Federalne uprave policije, tokom navedenog perioda na podru\u010dju Federacije BiH registrovano je:<!--more--><\/p>\n<p style=\"text-align: justify;\"><strong>49 krivi\u010dnih djela i to:<\/strong><\/p>\n<ul style=\"text-align: justify;\">\n<li>dvije te\u0161ke kra\u0111e (jedno motorno vozilo);<\/li>\n<li>jedna kra\u0111a;<\/li>\n<li>osam nasilja u porodici;<\/li>\n<li>jedno izazivanje op\u0107e opasnosti;<\/li>\n<li>\u010detiri o\u0161te\u0107enja tu\u0111e stvari;<\/li>\n<li>jedno ubistvo u poku\u0161aju;<\/li>\n<li>14 ostalih krivi\u010dnih djela;<\/li>\n<\/ul>\n<p style=\"text-align: justify;\"><strong>58 naru\u0161avanja javnog reda i mira;<\/strong><\/p>\n<p style=\"text-align: justify;\"><strong>42 saobra\u0107ajne nezgode<\/strong>, u kojima su \u010detiri lica zadobilo te\u0161ke, a 11 lica lak\u0161e tjelesne povrede;<\/p>\n<p style=\"text-align: justify;\"><strong>24 lice su li\u0161ena slobode,<\/strong> a 14 lica je zadr\u017eano.<\/p>\n","protected":false},"excerpt":{"rendered":"<p>Na osnovu izvje\u0161taja operativnih centara kantonalnih ministarstava unutarnjih poslova i Federalne uprave policije, tokom navedenog perioda na podru\u010dju Federacije BiH registrovano je:<\/p>\n","protected":false},"author":8,"featured_media":0,"comment_status":"closed","ping_status":"closed","sticky":false,"template":"","format":"standard","meta":{"spay_email":""},"categories":[81,5],"tags":[],"jetpack_featured_media_url":"","_links":{"self":[{"href":"http:\/\/fup.gov.ba\/index.php?rest_route=\/wp\/v2\/posts\/45832"}],"collection":[{"href":"http:\/\/fup.gov.ba\/index.php?rest_route=\/wp\/v2\/posts"}],"about":[{"href":"http:\/\/fup.gov.ba\/index.php?rest_route=\/wp\/v2\/types\/post"}],"author":[{"embeddable":true,"href":"http:\/\/fup.gov.ba\/index.php?rest_route=\/wp\/v2\/users\/8"}],"replies":[{"embeddable":true,"href":"http:\/\/fup.gov.ba\/index.php?rest_route=%2Fwp%2Fv2%2Fcomments&post=45832"}],"version-history":[{"count":1,"href":"http:\/\/fup.gov.ba\/index.php?rest_route=\/wp\/v2\/posts\/45832\/revisions"}],"predecessor-version":[{"id":45833,"href":"http:\/\/fup.gov.ba\/index.php?rest_route=\/wp\/v2\/posts\/45832\/revisions\/45833"}],"wp:attachment":[{"href":"http:\/\/fup.gov.ba\/index.php?rest_route=%2Fwp%2Fv2%2Fmedia&parent=45832"}],"wp:term":[{"taxonomy":"category","embeddable":true,"href":"http:\/\/fup.gov.ba\/index.php?rest_route=%2Fwp%2Fv2%2Fcategories&post=45832"},{"taxonomy":"post_tag","embeddable":true,"href":"http:\/\/fup.gov.ba\/index.php?rest_route=%2Fwp%2Fv2%2Ftags&post=45832"}],"curies":[{"name":"wp","href":"https:\/\/api.w.org\/{rel}","templated":true}]}}