{"id":45838,"date":"2026-09-02T15:43:07","date_gmt":"2026-09-02T13:43:07","guid":{"rendered":"http:\/\/fup.gov.ba\/?p=45838"},"modified":"2026-09-02T15:43:07","modified_gmt":"2026-09-02T13:43:07","slug":"bilten-za-dan-01-02-09-2026-godine","status":"publish","type":"post","link":"http:\/\/fup.gov.ba\/?p=45838","title":{"rendered":"Bilten za dan 01\/02.09.2026. godine"},"content":{"rendered":"<p style=\"text-align: justify;\">Na osnovu izvje\u0161taja operativnih centara kantonalnih ministarstava unutarnjih poslova i Federalne uprave policije, tokom navedenog perioda na podru\u010dju Federacije BiH registrovano je:<!--more--><\/p>\n<p style=\"text-align: justify;\"><strong>48 krivi\u010dnih djela i to:<\/strong><\/p>\n<ul style=\"text-align: justify;\">\n<li>deset te\u0161kih kra\u0111a;<\/li>\n<li>dvije kra\u0111a;<\/li>\n<li>11 nasilja u porodici;<\/li>\n<li>jedno ugro\u017eavanja sigurnosti;<\/li>\n<li>jedno izazivanje op\u0107e opasnosti;<\/li>\n<li>jedno o\u0161te\u0107enje tu\u0111e stvari;<\/li>\n<li>jedno posjedovanje opojne droge;<\/li>\n<li>21 ostala krivi\u010dna djela;<\/li>\n<\/ul>\n<p style=\"text-align: justify;\"><strong>73 naru\u0161avanja javnog reda i mira;<\/strong><\/p>\n<p style=\"text-align: justify;\"><strong>53 saobra\u0107ajne nezgode,<\/strong> u kojima su dva lica zadobila te\u0161ke, a 18 lica lak\u0161e tjelesne\u00a0povrede, dok za pet lica nije utvr\u0111en stepen tjelesnih povreda;<\/p>\n<p style=\"text-align: justify;\"><strong>24 lica su li\u0161ena slobode<\/strong>, a 23 lica su zadr\u017eana.<\/p>\n","protected":false},"excerpt":{"rendered":"<p>Na osnovu izvje\u0161taja operativnih centara kantonalnih ministarstava unutarnjih poslova i Federalne uprave policije, tokom navedenog perioda na podru\u010dju Federacije BiH registrovano je:<\/p>\n","protected":false},"author":8,"featured_media":0,"comment_status":"closed","ping_status":"closed","sticky":false,"template":"","format":"standard","meta":{"spay_email":""},"categories":[81,5],"tags":[],"jetpack_featured_media_url":"","_links":{"self":[{"href":"http:\/\/fup.gov.ba\/index.php?rest_route=\/wp\/v2\/posts\/45838"}],"collection":[{"href":"http:\/\/fup.gov.ba\/index.php?rest_route=\/wp\/v2\/posts"}],"about":[{"href":"http:\/\/fup.gov.ba\/index.php?rest_route=\/wp\/v2\/types\/post"}],"author":[{"embeddable":true,"href":"http:\/\/fup.gov.ba\/index.php?rest_route=\/wp\/v2\/users\/8"}],"replies":[{"embeddable":true,"href":"http:\/\/fup.gov.ba\/index.php?rest_route=%2Fwp%2Fv2%2Fcomments&post=45838"}],"version-history":[{"count":1,"href":"http:\/\/fup.gov.ba\/index.php?rest_route=\/wp\/v2\/posts\/45838\/revisions"}],"predecessor-version":[{"id":45839,"href":"http:\/\/fup.gov.ba\/index.php?rest_route=\/wp\/v2\/posts\/45838\/revisions\/45839"}],"wp:attachment":[{"href":"http:\/\/fup.gov.ba\/index.php?rest_route=%2Fwp%2Fv2%2Fmedia&parent=45838"}],"wp:term":[{"taxonomy":"category","embeddable":true,"href":"http:\/\/fup.gov.ba\/index.php?rest_route=%2Fwp%2Fv2%2Fcategories&post=45838"},{"taxonomy":"post_tag","embeddable":true,"href":"http:\/\/fup.gov.ba\/index.php?rest_route=%2Fwp%2Fv2%2Ftags&post=45838"}],"curies":[{"name":"wp","href":"https:\/\/api.w.org\/{rel}","templated":true}]}}