{"id":45841,"date":"2026-09-03T08:28:43","date_gmt":"2026-09-03T06:28:43","guid":{"rendered":"http:\/\/fup.gov.ba\/?p=45841"},"modified":"2026-09-03T08:28:43","modified_gmt":"2026-09-03T06:28:43","slug":"bilten-za-dan-02-03-09-2026-godine","status":"publish","type":"post","link":"http:\/\/fup.gov.ba\/?p=45841","title":{"rendered":"Bilten za dan 02\/03.09.2026. godine"},"content":{"rendered":"<p style=\"text-align: justify;\">Na osnovu izvje\u0161taja operativnih centara kantonalnih ministarstava unutarnjih poslova i Federalne uprave policije, tokom navedenog perioda na podru\u010dju Federacije BiH registrovano je:<!--more--><\/p>\n<p style=\"text-align: justify;\"><strong>37 krivi\u010dnih djela i to:<\/strong><\/p>\n<ul style=\"text-align: justify;\">\n<li>dva razbojni\u0161tva;<\/li>\n<li>tri te\u0161ke kra\u0111e;<\/li>\n<li>\u010detiri kra\u0111e;<\/li>\n<li>\u010detiri nasilja u porodici;<\/li>\n<li>dva izazivanja op\u0107e opasnosti;<\/li>\n<li>jedno o\u0161te\u0107enje tu\u0111e stvari;<\/li>\n<li>jedno posjedovanje opojne droge;<\/li>\n<li>20 ostala krivi\u010dna djela;<\/li>\n<\/ul>\n<p style=\"text-align: justify;\"><strong>65 naru\u0161avanja javnog reda i mira;<\/strong><\/p>\n<p style=\"text-align: justify;\"><strong>58 saobra\u0107ajnih nezgoda <\/strong>u kojima su \u010detiri lica zadobila te\u0161ke, a 18 lica lak\u0161e tjelesne povrede;<\/p>\n<p style=\"text-align: justify;\"><strong>36 lica je li\u0161eno slobode<\/strong>, a 35 lica je zadr\u017eano.<\/p>\n","protected":false},"excerpt":{"rendered":"<p>Na osnovu izvje\u0161taja operativnih centara kantonalnih ministarstava unutarnjih poslova i Federalne uprave policije, tokom navedenog perioda na podru\u010dju Federacije BiH registrovano je:<\/p>\n","protected":false},"author":8,"featured_media":0,"comment_status":"closed","ping_status":"closed","sticky":false,"template":"","format":"standard","meta":{"spay_email":""},"categories":[81,5],"tags":[],"jetpack_featured_media_url":"","_links":{"self":[{"href":"http:\/\/fup.gov.ba\/index.php?rest_route=\/wp\/v2\/posts\/45841"}],"collection":[{"href":"http:\/\/fup.gov.ba\/index.php?rest_route=\/wp\/v2\/posts"}],"about":[{"href":"http:\/\/fup.gov.ba\/index.php?rest_route=\/wp\/v2\/types\/post"}],"author":[{"embeddable":true,"href":"http:\/\/fup.gov.ba\/index.php?rest_route=\/wp\/v2\/users\/8"}],"replies":[{"embeddable":true,"href":"http:\/\/fup.gov.ba\/index.php?rest_route=%2Fwp%2Fv2%2Fcomments&post=45841"}],"version-history":[{"count":1,"href":"http:\/\/fup.gov.ba\/index.php?rest_route=\/wp\/v2\/posts\/45841\/revisions"}],"predecessor-version":[{"id":45842,"href":"http:\/\/fup.gov.ba\/index.php?rest_route=\/wp\/v2\/posts\/45841\/revisions\/45842"}],"wp:attachment":[{"href":"http:\/\/fup.gov.ba\/index.php?rest_route=%2Fwp%2Fv2%2Fmedia&parent=45841"}],"wp:term":[{"taxonomy":"category","embeddable":true,"href":"http:\/\/fup.gov.ba\/index.php?rest_route=%2Fwp%2Fv2%2Fcategories&post=45841"},{"taxonomy":"post_tag","embeddable":true,"href":"http:\/\/fup.gov.ba\/index.php?rest_route=%2Fwp%2Fv2%2Ftags&post=45841"}],"curies":[{"name":"wp","href":"https:\/\/api.w.org\/{rel}","templated":true}]}}