{"id":45847,"date":"2026-09-03T14:50:17","date_gmt":"2026-09-03T12:50:17","guid":{"rendered":"http:\/\/fup.gov.ba\/?p=45847"},"modified":"2026-09-03T14:53:13","modified_gmt":"2026-09-03T12:53:13","slug":"federalna-uprava-policije-bila-je-domacin-37-sastanka-rukovodilaca-tuzilastava-i-policijskih-tijela-u-bih","status":"publish","type":"post","link":"http:\/\/fup.gov.ba\/?p=45847","title":{"rendered":"Federalna uprava policije bila je doma\u0107in 37. sastanka rukovodilaca tu\u017eila\u0161tava i policijskih tijela u BiH"},"content":{"rendered":"\t\t<div data-elementor-type=\"wp-post\" data-elementor-id=\"45847\" class=\"elementor elementor-45847\" data-elementor-settings=\"[]\">\n\t\t\t\t\t\t<div class=\"elementor-inner\">\n\t\t\t\t\t\t\t<div class=\"elementor-section-wrap\">\n\t\t\t\t\t\t\t<section class=\"has_eae_slider elementor-section elementor-top-section elementor-element elementor-element-7c26ced5 elementor-section-boxed elementor-section-height-default elementor-section-height-default\" data-id=\"7c26ced5\" data-element_type=\"section\">\n\t\t\t\t\t\t<div class=\"elementor-container elementor-column-gap-default\">\n\t\t\t\t\t\t\t<div class=\"elementor-row\">\n\t\t\t\t\t<div class=\"has_eae_slider elementor-column elementor-col-100 elementor-top-column elementor-element elementor-element-24e6214\" data-id=\"24e6214\" data-element_type=\"column\">\n\t\t\t<div class=\"elementor-column-wrap elementor-element-populated\">\n\t\t\t\t\t\t\t<div class=\"elementor-widget-wrap\">\n\t\t\t\t\t\t<div class=\"elementor-element elementor-element-48c744b0 elementor-widget elementor-widget-text-editor\" data-id=\"48c744b0\" data-element_type=\"widget\" data-widget_type=\"text-editor.default\">\n\t\t\t\t<div class=\"elementor-widget-container\">\n\t\t\t\t\t\t\t\t<div class=\"elementor-text-editor elementor-clearfix\">\n\t\t\t\t<p style=\"text-align: justify;\">Dana 03.09.2026. godine, Federalna uprava policije bila je doma\u0107in 37. sastanka rukovodilaca tu\u017eila\u0161tava i policijskih tijela na strate\u0161kom nivou. Ovaj vid saradnje tu\u017eila\u0161tava i policije realizuje se uz podr\u0161ku Odjela za unapre\u0111enje efikasnosti i kvaliteta rada u tu\u017eila\u0161tvima i Sekretarijata Visokog sudskog i tu\u017eila\u010dkog vije\u0107a Bosne i Hercegovine i preporuka EU za podr\u0161ku policijskim agencijama u Bosni i Hercegovini.<\/p><p style=\"text-align: justify;\">Glavna tema Strate\u0161kog foruma odnosila se, prije svega, na pitanja koordinacije aktivnosti nadle\u017enih policijskih i pravosudnih institucija u Bosni i Hercegovini u vezi sa pripremama za predstoje\u0107e izbore, s posebnim fokusom na pravovremeno planiranje i uskla\u0111ivanje aktivnosti u cilju o\u010duvanja sigurnog i stabilnog izbornog procesa. U tom kontekstu razgovarano je o zna\u010daju kontinuirane razmjene informacija, me\u0111uinstitucionalne saradnje i koordinisanog djelovanja svih nadle\u017enih tijela.<\/p><p style=\"text-align: justify;\">Pored navedenog, razmatrane su i relevantne obaveze iz Reformske agende u oblastima oduzimanja imovine i policijskog rada zasnovanog na obavje\u0161tajnim podacima, kao i druga najva\u017enija pitanja saradnje tu\u017eila\u0161tava i policijskih agencija u Bosni i Hercegovini.<\/p><p style=\"text-align: justify;\">Na Forumu su u\u010destvovali: Milanko Kajgani\u0107, glavni tu\u017eilac Tu\u017eila\u0161tva Bosne i Hercegovine; Munib Halilovi\u0107, glavni federalni tu\u017eilac Federalnog tu\u017eila\u0161tva Federacije Bosne i Hercegovine; \u017deljka Radovi\u0107, glavna republi\u010dka tu\u017eiteljica Republi\u010dkog javnog tu\u017eila\u0161tva Republike Srpske; Vladimir Tepav\u010devi\u0107, v. d. glavnog tu\u017eioca Tu\u017eila\u0161tva Br\u010dko distrikta Bosne i Hercegovine; Darko \u0106ulum, direktor Dr\u017eavne agencije za istrage i za\u0161titu (SIPA); Sini\u0161a Kostre\u0161evi\u0107, direktor Policije Republike Srpske; Vahidin \u0160ahinpa\u0161i\u0107, zamjenik direktora Federalne uprave policije; Mile Juro\u0161evi\u0107, \u0161ef Kabineta \u0161efa Policije Br\u010dko distrikta Bosne i Hercegovine; te predstavnice Sekretarijata Visokog sudskog i tu\u017eila\u010dkog vije\u0107a Bosne i Hercegovine, Amila Rahi\u0107 i Adisa Muratbegovi\u0107, te gosti predstavnici Projekta EUPA4BiH Dalida Tanovi\u0107, Vojtech Hons, Igoris Krzeckovskis, Aida Durakovi\u0107 i Rajko \u017divak.<\/p>\t\t\t\t\t<\/div>\n\t\t\t\t\t\t<\/div>\n\t\t\t\t<\/div>\n\t\t\t\t\t\t<\/div>\n\t\t\t\t\t<\/div>\n\t\t<\/div>\n\t\t\t\t\t\t\t\t<\/div>\n\t\t\t\t\t<\/div>\n\t\t<\/section>\n\t\t\t\t<section class=\"has_eae_slider elementor-section elementor-top-section elementor-element elementor-element-916745e elementor-section-boxed elementor-section-height-default elementor-section-height-default\" data-id=\"916745e\" data-element_type=\"section\">\n\t\t\t\t\t\t<div class=\"elementor-container elementor-column-gap-default\">\n\t\t\t\t\t\t\t<div class=\"elementor-row\">\n\t\t\t\t\t<div class=\"has_eae_slider elementor-column elementor-col-100 elementor-top-column elementor-element elementor-element-499091d\" data-id=\"499091d\" data-element_type=\"column\">\n\t\t\t<div class=\"elementor-column-wrap elementor-element-populated\">\n\t\t\t\t\t\t\t<div class=\"elementor-widget-wrap\">\n\t\t\t\t\t\t<div class=\"elementor-element elementor-element-ea0920f elementor-widget elementor-widget-image-gallery\" data-id=\"ea0920f\" data-element_type=\"widget\" data-widget_type=\"image-gallery.default\">\n\t\t\t\t<div class=\"elementor-widget-container\">\n\t\t\t\t\t<div class=\"elementor-image-gallery\">\n\t\t\t<div id='gallery-1' class='gallery galleryid-45847 gallery-columns-1 gallery-size-large'><figure class='gallery-item'>\n\t\t\t<div class='gallery-icon landscape'>\n\t\t\t\t<a data-elementor-open-lightbox=\"yes\" data-elementor-lightbox-slideshow=\"ea0920f\" data-elementor-lightbox-title=\"slika 1\" href='http:\/\/fup.gov.ba\/wp-content\/uploads\/2026\/09\/slika-1.jpg'><img width=\"1024\" height=\"683\" src=\"http:\/\/fup.gov.ba\/wp-content\/uploads\/2026\/09\/slika-1-1024x683.jpg\" class=\"attachment-large size-large\" alt=\"\" loading=\"lazy\" srcset=\"http:\/\/fup.gov.ba\/wp-content\/uploads\/2026\/09\/slika-1-1024x683.jpg 1024w, http:\/\/fup.gov.ba\/wp-content\/uploads\/2026\/09\/slika-1-300x200.jpg 300w, http:\/\/fup.gov.ba\/wp-content\/uploads\/2026\/09\/slika-1-768x512.jpg 768w, http:\/\/fup.gov.ba\/wp-content\/uploads\/2026\/09\/slika-1-350x233.jpg 350w, http:\/\/fup.gov.ba\/wp-content\/uploads\/2026\/09\/slika-1.jpg 1350w\" sizes=\"(max-width: 1024px) 100vw, 1024px\" \/><\/a>\n\t\t\t<\/div><\/figure><figure class='gallery-item'>\n\t\t\t<div class='gallery-icon landscape'>\n\t\t\t\t<a data-elementor-open-lightbox=\"yes\" data-elementor-lightbox-slideshow=\"ea0920f\" data-elementor-lightbox-title=\"slika 3\" href='http:\/\/fup.gov.ba\/wp-content\/uploads\/2026\/09\/slika-3.jpg'><img width=\"1024\" height=\"683\" src=\"http:\/\/fup.gov.ba\/wp-content\/uploads\/2026\/09\/slika-3-1024x683.jpg\" class=\"attachment-large size-large\" alt=\"\" loading=\"lazy\" srcset=\"http:\/\/fup.gov.ba\/wp-content\/uploads\/2026\/09\/slika-3-1024x683.jpg 1024w, http:\/\/fup.gov.ba\/wp-content\/uploads\/2026\/09\/slika-3-300x200.jpg 300w, http:\/\/fup.gov.ba\/wp-content\/uploads\/2026\/09\/slika-3-768x512.jpg 768w, http:\/\/fup.gov.ba\/wp-content\/uploads\/2026\/09\/slika-3-350x233.jpg 350w, http:\/\/fup.gov.ba\/wp-content\/uploads\/2026\/09\/slika-3.jpg 1350w\" sizes=\"(max-width: 1024px) 100vw, 1024px\" \/><\/a>\n\t\t\t<\/div><\/figure><figure class='gallery-item'>\n\t\t\t<div class='gallery-icon landscape'>\n\t\t\t\t<a data-elementor-open-lightbox=\"yes\" data-elementor-lightbox-slideshow=\"ea0920f\" data-elementor-lightbox-title=\"slika 2\" href='http:\/\/fup.gov.ba\/wp-content\/uploads\/2026\/09\/slika-2.jpg'><img width=\"1024\" height=\"683\" src=\"http:\/\/fup.gov.ba\/wp-content\/uploads\/2026\/09\/slika-2-1024x683.jpg\" class=\"attachment-large size-large\" alt=\"\" loading=\"lazy\" srcset=\"http:\/\/fup.gov.ba\/wp-content\/uploads\/2026\/09\/slika-2-1024x683.jpg 1024w, http:\/\/fup.gov.ba\/wp-content\/uploads\/2026\/09\/slika-2-300x200.jpg 300w, http:\/\/fup.gov.ba\/wp-content\/uploads\/2026\/09\/slika-2-768x512.jpg 768w, http:\/\/fup.gov.ba\/wp-content\/uploads\/2026\/09\/slika-2-350x233.jpg 350w, http:\/\/fup.gov.ba\/wp-content\/uploads\/2026\/09\/slika-2.jpg 1350w\" sizes=\"(max-width: 1024px) 100vw, 1024px\" \/><\/a>\n\t\t\t<\/div><\/figure>\n\t\t<\/div>\n\t\t<\/div>\n\t\t\t\t<\/div>\n\t\t\t\t<\/div>\n\t\t\t\t\t\t<\/div>\n\t\t\t\t\t<\/div>\n\t\t<\/div>\n\t\t\t\t\t\t\t\t<\/div>\n\t\t\t\t\t<\/div>\n\t\t<\/section>\n\t\t\t\t\t\t<\/div>\n\t\t\t\t\t\t<\/div>\n\t\t\t\t\t<\/div>\n\t\t","protected":false},"excerpt":{"rendered":"<p>Dana 03.09.2026. godine, Federalna uprava policije bila je doma\u0107in 37. sastanka rukovodilaca tu\u017eila\u0161tava i policijskih tijela na strate\u0161kom nivou. Ovaj vid saradnje tu\u017eila\u0161tava i policije realizuje se uz podr\u0161ku Odjela za unapre\u0111enje efikasnosti i kvaliteta rada u tu\u017eila\u0161tvima i Sekretarijata Visokog sudskog i tu\u017eila\u010dkog vije\u0107a Bosne i Hercegovine<\/p>\n","protected":false},"author":8,"featured_media":45849,"comment_status":"closed","ping_status":"closed","sticky":false,"template":"","format":"standard","meta":{"spay_email":""},"categories":[81,6],"tags":[],"jetpack_featured_media_url":"http:\/\/fup.gov.ba\/wp-content\/uploads\/2026\/09\/slika-1.jpg","_links":{"self":[{"href":"http:\/\/fup.gov.ba\/index.php?rest_route=\/wp\/v2\/posts\/45847"}],"collection":[{"href":"http:\/\/fup.gov.ba\/index.php?rest_route=\/wp\/v2\/posts"}],"about":[{"href":"http:\/\/fup.gov.ba\/index.php?rest_route=\/wp\/v2\/types\/post"}],"author":[{"embeddable":true,"href":"http:\/\/fup.gov.ba\/index.php?rest_route=\/wp\/v2\/users\/8"}],"replies":[{"embeddable":true,"href":"http:\/\/fup.gov.ba\/index.php?rest_route=%2Fwp%2Fv2%2Fcomments&post=45847"}],"version-history":[{"count":7,"href":"http:\/\/fup.gov.ba\/index.php?rest_route=\/wp\/v2\/posts\/45847\/revisions"}],"predecessor-version":[{"id":45857,"href":"http:\/\/fup.gov.ba\/index.php?rest_route=\/wp\/v2\/posts\/45847\/revisions\/45857"}],"wp:featuredmedia":[{"embeddable":true,"href":"http:\/\/fup.gov.ba\/index.php?rest_route=\/wp\/v2\/media\/45849"}],"wp:attachment":[{"href":"http:\/\/fup.gov.ba\/index.php?rest_route=%2Fwp%2Fv2%2Fmedia&parent=45847"}],"wp:term":[{"taxonomy":"category","embeddable":true,"href":"http:\/\/fup.gov.ba\/index.php?rest_route=%2Fwp%2Fv2%2Fcategories&post=45847"},{"taxonomy":"post_tag","embeddable":true,"href":"http:\/\/fup.gov.ba\/index.php?rest_route=%2Fwp%2Fv2%2Ftags&post=45847"}],"curies":[{"name":"wp","href":"https:\/\/api.w.org\/{rel}","templated":true}]}}